{"id":1265,"date":"2024-02-20T08:00:41","date_gmt":"2024-02-20T07:00:41","guid":{"rendered":"https:\/\/essentials.pixfort.com\/original\/?p=1265"},"modified":"2024-03-20T22:57:32","modified_gmt":"2024-03-20T21:57:32","slug":"regionalis-logisztikai-park-cim","status":"publish","type":"post","link":"https:\/\/hilk.hu\/de\/regionalis-logisztikai-park-cim\/","title":{"rendered":"Adresse des Regional Logistics Park"},"content":{"rendered":"<h5 style=\"text-align: justify;\">Unser Unternehmen, die HILK Kft. wurde vom Ministerium f\u00fcr Volkswirtschaft mit dem Titel \"Regionaler Logistikpark\" ausgezeichnet.<\/h5>\n<p style=\"text-align: justify;\"><a href=\"https:\/\/hilk.hu\/wp-content\/uploads\/logisztikai-park-cim-oklevele.jpg\"><img fetchpriority=\"high\" decoding=\"async\" class=\"alignright size-medium wp-image-14094\" src=\"https:\/\/hilk.hu\/wp-content\/uploads\/logisztikai-park-cim-oklevele-212x300.jpg\" alt=\"\" width=\"212\" height=\"300\" srcset=\"https:\/\/hilk.hu\/wp-content\/uploads\/logisztikai-park-cim-oklevele-212x300.jpg 212w, https:\/\/hilk.hu\/wp-content\/uploads\/logisztikai-park-cim-oklevele-725x1024.jpg 725w, https:\/\/hilk.hu\/wp-content\/uploads\/logisztikai-park-cim-oklevele-768x1085.jpg 768w, https:\/\/hilk.hu\/wp-content\/uploads\/logisztikai-park-cim-oklevele-1087x1536.jpg 1087w, https:\/\/hilk.hu\/wp-content\/uploads\/logisztikai-park-cim-oklevele.jpg 1200w\" sizes=\"(max-width: 212px) 100vw, 212px\" \/><\/a>Wir freuen uns, bekannt geben zu k\u00f6nnen, dass wir vom Ministerium f\u00fcr Volkswirtschaft den Titel \"Regionaler Logistikpark\" erhalten haben. Damit werden unsere hervorragenden Leistungen im Bereich der Logistikinfrastruktur und unser Beitrag zur wirtschaftlichen Entwicklung der Region gew\u00fcrdigt. Unser Unternehmen setzt sich weiterhin f\u00fcr die Bereitstellung hochwertiger Logistikdienstleistungen und die F\u00f6rderung des regionalen Wirtschaftswachstums ein.<\/p>","protected":false},"excerpt":{"rendered":"<p>C\u00e9g\u00fcnk a HILK Kft. megkapta a Nemzetgazdas\u00e1gi Miniszt\u00e9riumt\u00f3l a \u201eRegion\u00e1lis Logisztikai Park\u201d c\u00edmet. \u00d6r\u00f6mmel tudatjuk, hogy megkaptuk a Nemzetgazdas\u00e1gi Miniszt\u00e9riumt\u00f3l a &#8222;Region\u00e1lis Logisztikai Park&#8221; c\u00edmet, elismer\u00e9s\u00e9\u00fcl a c\u00e9g logisztikai infrastrukt\u00far\u00e1ban ny\u00fajtott kiemelked\u0151 teljes\u00edtm\u00e9ny\u00e9t \u00e9s hozz\u00e1j\u00e1rul\u00e1s\u00e1t a r\u00e9gi\u00f3 gazdas\u00e1gi fejl\u0151d\u00e9s\u00e9hez. C\u00e9g\u00fcnk&#8230;<\/p>","protected":false},"author":4,"featured_media":14094,"comment_status":"closed","ping_status":"closed","sticky":false,"template":"","format":"standard","meta":{"footnotes":""},"categories":[5,4,3],"tags":[10,8,7,9],"class_list":["post-1265","post","type-post","status-publish","format-standard","has-post-thumbnail","hentry","category-aktualitasok","category-fejlesztesek","category-palyazatok","tag-aktualis","tag-fejlesztes","tag-palyazat","tag-raktarozas"],"_links":{"self":[{"href":"https:\/\/hilk.hu\/de\/wp-json\/wp\/v2\/posts\/1265","targetHints":{"allow":["GET"]}}],"collection":[{"href":"https:\/\/hilk.hu\/de\/wp-json\/wp\/v2\/posts"}],"about":[{"href":"https:\/\/hilk.hu\/de\/wp-json\/wp\/v2\/types\/post"}],"author":[{"embeddable":true,"href":"https:\/\/hilk.hu\/de\/wp-json\/wp\/v2\/users\/4"}],"replies":[{"embeddable":true,"href":"https:\/\/hilk.hu\/de\/wp-json\/wp\/v2\/comments?post=1265"}],"version-history":[{"count":4,"href":"https:\/\/hilk.hu\/de\/wp-json\/wp\/v2\/posts\/1265\/revisions"}],"predecessor-version":[{"id":14099,"href":"https:\/\/hilk.hu\/de\/wp-json\/wp\/v2\/posts\/1265\/revisions\/14099"}],"wp:featuredmedia":[{"embeddable":true,"href":"https:\/\/hilk.hu\/de\/wp-json\/wp\/v2\/media\/14094"}],"wp:attachment":[{"href":"https:\/\/hilk.hu\/de\/wp-json\/wp\/v2\/media?parent=1265"}],"wp:term":[{"taxonomy":"category","embeddable":true,"href":"https:\/\/hilk.hu\/de\/wp-json\/wp\/v2\/categories?post=1265"},{"taxonomy":"post_tag","embeddable":true,"href":"https:\/\/hilk.hu\/de\/wp-json\/wp\/v2\/tags?post=1265"}],"curies":[{"name":"wp","href":"https:\/\/api.w.org\/{rel}","templated":true}]}}